{"id":1029,"date":"2022-11-26T17:40:53","date_gmt":"2022-11-26T16:40:53","guid":{"rendered":"https:\/\/pmk-coueron.eu\/?p=1029"},"modified":"2022-11-26T17:40:59","modified_gmt":"2022-11-26T16:40:59","slug":"i-niedziela-adwentu-nowy-rok-liturgiczny","status":"publish","type":"post","link":"https:\/\/pmk-coueron.eu\/index.php\/2022\/11\/26\/i-niedziela-adwentu-nowy-rok-liturgiczny\/","title":{"rendered":"I Niedziela Adwentu Nowy rok liturgiczny"},"content":{"rendered":"\n<p><strong>Niedziela 27 listopada I Niedziela Adwentu<\/strong><br>Msza w Cou\u00ebron 10.00<br><br><strong>Msze w tygodniu <\/strong><br>poniedzia\u0142ek i sobota 8.00<br>wtorek, \u015broda, czwartek i pi\u0105tek 19.00|<br>                                                                                                              <br><a href=\"https:\/\/niezbednik.niedziela.pl\/liturgia\">Kalendarz Liturgiczny <\/a> <br><br><strong>II niedziela Adwentu 4 listopada<\/strong><br>Msza w Cou\u00ebron 10:00<br>Msza w Saint Nazaire 16:00<\/p>\n","protected":false},"excerpt":{"rendered":"<p>Niedziela 27 listopada I Niedziela AdwentuMsza w Cou\u00ebron 10.00 Msze w tygodniu poniedzia\u0142ek i sobota 8.00wtorek, \u015broda, czwartek i pi\u0105tek &#8230; <a class=\"cz_readmore\" href=\"https:\/\/pmk-coueron.eu\/index.php\/2022\/11\/26\/i-niedziela-adwentu-nowy-rok-liturgiczny\/\"><i class=\"fa fa-angle-right\" aria-hidden=\"true\"><\/i><span>Wi\u0119cej<\/span><\/a><\/p>\n","protected":false},"author":1,"featured_media":1030,"comment_status":"closed","ping_status":"closed","sticky":false,"template":"","format":"standard","meta":{"_themeisle_gutenberg_block_has_review":false,"footnotes":""},"categories":[1],"tags":[],"class_list":["post-1029","post","type-post","status-publish","format-standard","has-post-thumbnail","hentry","category-aktualnosci"],"_links":{"self":[{"href":"https:\/\/pmk-coueron.eu\/index.php\/wp-json\/wp\/v2\/posts\/1029","targetHints":{"allow":["GET"]}}],"collection":[{"href":"https:\/\/pmk-coueron.eu\/index.php\/wp-json\/wp\/v2\/posts"}],"about":[{"href":"https:\/\/pmk-coueron.eu\/index.php\/wp-json\/wp\/v2\/types\/post"}],"author":[{"embeddable":true,"href":"https:\/\/pmk-coueron.eu\/index.php\/wp-json\/wp\/v2\/users\/1"}],"replies":[{"embeddable":true,"href":"https:\/\/pmk-coueron.eu\/index.php\/wp-json\/wp\/v2\/comments?post=1029"}],"version-history":[{"count":1,"href":"https:\/\/pmk-coueron.eu\/index.php\/wp-json\/wp\/v2\/posts\/1029\/revisions"}],"predecessor-version":[{"id":1031,"href":"https:\/\/pmk-coueron.eu\/index.php\/wp-json\/wp\/v2\/posts\/1029\/revisions\/1031"}],"wp:featuredmedia":[{"embeddable":true,"href":"https:\/\/pmk-coueron.eu\/index.php\/wp-json\/wp\/v2\/media\/1030"}],"wp:attachment":[{"href":"https:\/\/pmk-coueron.eu\/index.php\/wp-json\/wp\/v2\/media?parent=1029"}],"wp:term":[{"taxonomy":"category","embeddable":true,"href":"https:\/\/pmk-coueron.eu\/index.php\/wp-json\/wp\/v2\/categories?post=1029"},{"taxonomy":"post_tag","embeddable":true,"href":"https:\/\/pmk-coueron.eu\/index.php\/wp-json\/wp\/v2\/tags?post=1029"}],"curies":[{"name":"wp","href":"https:\/\/api.w.org\/{rel}","templated":true}]}}