{"id":1437,"date":"2023-03-17T15:57:24","date_gmt":"2023-03-17T14:57:24","guid":{"rendered":"https:\/\/pmk-coueron.eu\/?p=1437"},"modified":"2023-03-18T09:33:38","modified_gmt":"2023-03-18T08:33:38","slug":"iv-niedziela-wielkiego-postu-4eme-dimanche-de-careme","status":"publish","type":"post","link":"https:\/\/pmk-coueron.eu\/index.php\/2023\/03\/17\/iv-niedziela-wielkiego-postu-4eme-dimanche-de-careme\/","title":{"rendered":"IV Niedziela Wielkiego Postu 4\u00e8me Dimanche de Car\u00eame"},"content":{"rendered":"\n<p><mark style=\"background-color:rgba(0, 0, 0, 0)\" class=\"has-inline-color has-pale-pink-color\">Niedziela 19 marca 2023<\/mark> <a href=\"http:\/\/mateusz.pl\/czytania\/2023\/20230319.html\">czytania<\/a><br><br>Msza \u015bwi\u0119ta i Gorzkie \u017bale o 11:00. Nie b\u0119dzie Mszy w Saint Nazaire gdy\u017c nie ma os\u00f3b, kt\u00f3re przychodz\u0105 na Msz\u0119 \u015bwi\u0119t\u0105. Ks. Piotr by\u0142 pi\u0119\u0107 razy, trzy razy nie by\u0142o nikogo, potem przysz\u0142o sze\u015b\u0107 os\u00f3b i ostanim razem zn\u00f3w nikt nie przyszed\u0142. Ksi\u0105dz mo\u017ce przyje\u017cd\u017ca\u0107 raz w miesi\u0105cu je\u015bli b\u0119d\u0105 katolicy chc\u0105cy wzi\u0105\u0107 udzia\u0142 w Eucharystii.<br><br>Msze w tygodniu poniedzia\u0142ek o 8:00 <mark style=\"background-color:rgba(0, 0, 0, 0)\" class=\"has-inline-color has-vivid-red-color\">Uroczysto\u015b\u0107 \u015aw. J\u00f3zefa Oblulbie\u0144ca NMP<\/mark><br>wtorek, \u015broda, czwartek i pi\u0105tek o 19:00<br>W sobot\u0119 <mark style=\"background-color:rgba(0, 0, 0, 0)\" class=\"has-inline-color has-vivid-red-color\">Uroczysto\u015b\u0107 Zwiastowania Pa\u0144skiego<\/mark> Msza o 11:00<br>Adoracja w sobot\u0119 od 15:00 do 16:00<br>Spowied\u017a codziennie przed Msz\u0105 \u015bwi\u0119t\u0105<br>Droga Krzy\u017cowa w pi\u0105tek o 18:30<br><br><strong><mark style=\"background-color:rgba(0, 0, 0, 0)\" class=\"has-inline-color has-pale-pink-color\">Dimanche 19 mars<\/mark><\/strong> <a href=\"https:\/\/www.aelf.org\/2023-03-19\/romain\/messe\">lectures<\/a><br>Messe \u00e0 11h et chants Plaintes am\u00e8res<br><br>Messes de la semaine <br>lundi 8h <mark style=\"background-color:rgba(0, 0, 0, 0)\" class=\"has-inline-color has-vivid-red-color\">Saint Joseph, \u00e9poux de la Vierge Marie<\/mark><br>mardi, mercredi, jeudi, vendredi 19h<br>samedi 11h <mark style=\"background-color:rgba(0, 0, 0, 0)\" class=\"has-inline-color has-vivid-red-color\">Annonciation du Seigneur<\/mark><br>Chemin de Croix le vendredi \u00e0 18h30<\/p>\n\n\n\n<p><br><em>fot 1 \u017ar\u00f3d\u0142o przy Sadzawce Siloe <br>fot 2 cz\u0119\u015b\u0107 odkrytej przez archeolog\u00f3w sadzawki Siloe w Jerozolimie (schody do sadzawki)<\/em><\/p>\n\n\n\n<p><em>photo 1 la piscine de Siloe<br>photo 2 partie de la piscine de Silo\u00e9 \u00e0 J\u00e9rusalem d\u00e9couverte par des arch\u00e9ologues (escalier menant \u00e0 la piscine)<\/em><\/p>\n\n\n\n<p><\/p>\n\n\n\n<figure class=\"wp-block-image size-full\"><img fetchpriority=\"high\" decoding=\"async\" width=\"988\" height=\"556\" src=\"https:\/\/pmk-coueron.eu\/wp-content\/uploads\/2023\/03\/S2.jpg\" alt=\"\" class=\"wp-image-1441\" srcset=\"https:\/\/pmk-coueron.eu\/wp-content\/uploads\/2023\/03\/S2.jpg 988w, https:\/\/pmk-coueron.eu\/wp-content\/uploads\/2023\/03\/S2-300x169.jpg 300w, https:\/\/pmk-coueron.eu\/wp-content\/uploads\/2023\/03\/S2-768x432.jpg 768w, https:\/\/pmk-coueron.eu\/wp-content\/uploads\/2023\/03\/S2-600x338.jpg 600w\" sizes=\"(max-width: 988px) 100vw, 988px\" \/><\/figure>\n","protected":false},"excerpt":{"rendered":"<p>Niedziela 19 marca 2023 czytania Msza \u015bwi\u0119ta i Gorzkie \u017bale o 11:00. Nie b\u0119dzie Mszy w Saint Nazaire gdy\u017c nie &#8230; <a class=\"cz_readmore\" href=\"https:\/\/pmk-coueron.eu\/index.php\/2023\/03\/17\/iv-niedziela-wielkiego-postu-4eme-dimanche-de-careme\/\"><i class=\"fa fa-angle-right\" aria-hidden=\"true\"><\/i><span>Wi\u0119cej<\/span><\/a><\/p>\n","protected":false},"author":1,"featured_media":1438,"comment_status":"closed","ping_status":"closed","sticky":false,"template":"","format":"standard","meta":{"_themeisle_gutenberg_block_has_review":false,"footnotes":""},"categories":[1],"tags":[],"class_list":["post-1437","post","type-post","status-publish","format-standard","has-post-thumbnail","hentry","category-aktualnosci"],"_links":{"self":[{"href":"https:\/\/pmk-coueron.eu\/index.php\/wp-json\/wp\/v2\/posts\/1437","targetHints":{"allow":["GET"]}}],"collection":[{"href":"https:\/\/pmk-coueron.eu\/index.php\/wp-json\/wp\/v2\/posts"}],"about":[{"href":"https:\/\/pmk-coueron.eu\/index.php\/wp-json\/wp\/v2\/types\/post"}],"author":[{"embeddable":true,"href":"https:\/\/pmk-coueron.eu\/index.php\/wp-json\/wp\/v2\/users\/1"}],"replies":[{"embeddable":true,"href":"https:\/\/pmk-coueron.eu\/index.php\/wp-json\/wp\/v2\/comments?post=1437"}],"version-history":[{"count":4,"href":"https:\/\/pmk-coueron.eu\/index.php\/wp-json\/wp\/v2\/posts\/1437\/revisions"}],"predecessor-version":[{"id":1450,"href":"https:\/\/pmk-coueron.eu\/index.php\/wp-json\/wp\/v2\/posts\/1437\/revisions\/1450"}],"wp:featuredmedia":[{"embeddable":true,"href":"https:\/\/pmk-coueron.eu\/index.php\/wp-json\/wp\/v2\/media\/1438"}],"wp:attachment":[{"href":"https:\/\/pmk-coueron.eu\/index.php\/wp-json\/wp\/v2\/media?parent=1437"}],"wp:term":[{"taxonomy":"category","embeddable":true,"href":"https:\/\/pmk-coueron.eu\/index.php\/wp-json\/wp\/v2\/categories?post=1437"},{"taxonomy":"post_tag","embeddable":true,"href":"https:\/\/pmk-coueron.eu\/index.php\/wp-json\/wp\/v2\/tags?post=1437"}],"curies":[{"name":"wp","href":"https:\/\/api.w.org\/{rel}","templated":true}]}}