{"id":2194,"date":"2025-04-12T21:53:35","date_gmt":"2025-04-12T19:53:35","guid":{"rendered":"https:\/\/pmk-coueron.eu\/?p=2194"},"modified":"2025-04-12T21:53:36","modified_gmt":"2025-04-12T19:53:36","slug":"ogloszenia-annonces-13-20-04","status":"publish","type":"post","link":"https:\/\/pmk-coueron.eu\/index.php\/2025\/04\/12\/ogloszenia-annonces-13-20-04\/","title":{"rendered":"Og\u0142oszenia\/Annonces 13-20.04"},"content":{"rendered":"\n<ol class=\"wp-block-list\">\n<li>Rozpoczynamy dzi\u015b Wielkie Tydzie\u0144. To najwa\u017cniejszy czas w \u017cyciu nas chrze\u015bcijan \u2013 uczni\u00f3w Jezusa. Zach\u0119cam do g\u0142\u0119bokiego i \u015bwiadomego prze\u017cywania ka\u017cdego dnia, nie zatrzymywania si\u0119 tylko na tradycjach \u2013 to nie one s\u0105 najwa\u017cniejsze \u2013 one maj\u0105 nam pom\u00f3c, niech nie stan\u0105 si\u0119 celem samym w sobie ale \u201etrampolin\u0105\u201d do tego co istotne.<\/li>\n\n\n\n<li><strong>Program Wielkiego Tygodnia i Wielkanocy<\/strong><\/li>\n<\/ol>\n\n\n\n<ul class=\"wp-block-list\">\n<li>Poniedzia\u0142ek \u2013 Msza o godz. 18:30<\/li>\n\n\n\n<li><strong>Wtorek<\/strong> \u2013 nie ma Mszy w parafii \u2013 <strong>Msza Krzy\u017cma w Blain o godz. 18:30<\/strong> \u2013 wszyscy wierni s\u0105 zaproszeni do uczestnictwa.<\/li>\n\n\n\n<li>\u015aroda \u2013 nie ma Mszy w naszym ko\u015bciele &#8211; wszystko w <em>Cou\u00ebron<\/em> Bourg &#8211; godz. 18:00 Adoracja, 19:00 Msza) <br><br>Od czwartku wieczorem rozpoczyna si\u0119 <strong>Triduum Paschalne<\/strong> \u2013 Trzy dni w kt\u00f3re celebrujemy centralne tajemnice naszej wiary:<\/li>\n\n\n\n<li><strong>Wielki Czwartek \u2013 Msza Wieczerzy Pa\u0144skiej o godz. 19:00<\/strong>, po Mszy przeniesienie Pana Jezusa do Ciemnicy.<\/li>\n\n\n\n<li><strong>Wielki Pi\u0105tek \u2013 Liturgia M\u0119ki Pa\u0144skiej o godz. 19:00,<\/strong> po Liturgii przeniesienie Pana Jezusa do Grobu.<\/li>\n\n\n\n<li><strong>Wielka Sobota<\/strong> \u2013 Po\u015bwi\u0119cenie pokarm\u00f3w godz. 11:00 i 16:00, <strong>Wigilia Paschalna o godz. 21:30 (najwa\u017cniejsza Liturgia w ci\u0105gu ca\u0142ego roku).<\/strong> Rozpoczynamy j\u0105 przed ko\u015bcio\u0142em po\u015bwi\u0119ceniem ognia. Ka\u017cdy uczestnik otrzyma \u015bwiece (mo\u017cna te\u017c przynie\u015b\u0107 swoje). <br><br>Szczeg\u00f3\u0142owe godziny czuwania w Ciemnicy i przy Grobie Pana Jezusa b\u0119d\u0105 podane w po\u0142owie tygodnia na Facebooku i stronie parafii \u2013 zale\u017cne od os\u00f3b wpisanych na czuwanie. Zach\u0119cam do zapisania si\u0119.<\/li>\n\n\n\n<li><strong>Niedziela Wielkanocna<\/strong> i Poniedzia\u0142ek Wielkanocny \u2013 <strong>Msza o godz. 11:00.<\/strong><\/li>\n<\/ul>\n\n\n\n<ol start=\"3\" class=\"wp-block-list\">\n<li>Spowied\u017a w poniedzia\u0142ek i \u015brod\u0119 przed lub po Mszy, w Wielki Czwartek i Wielki Pi\u0105tek raczej po Liturgii, w Wielk\u0105 Sobot\u0119 po po\u015bwi\u0119ceniu pokarm\u00f3w.<\/li>\n\n\n\n<li>Przypominamy, \u017ce w Wielki Pi\u0105tek osoby od 18 do 60 roku \u017cycia obowi\u0105zuje post \u015bcis\u0142y.<\/li>\n\n\n\n<li>Pojawi\u0142a si\u0119 potrzeba pomocy jednej osobie przy zakupie pralki. Dzi\u015b po Mszy zbi\u00f3rka na ten cel. B\u00f3g zap\u0142a\u0107.<\/li>\n\n\n\n<li>Przygotowali\u015bmy <strong>\u201egazetk\u0119\u201d<\/strong> zbieraj\u0105c\u0105 wszystkie wydarzenia, kt\u00f3re nas czekaj\u0105 do ko\u0144ca roku oraz ulotka zapraszaj\u0105ca na Wielki Tydzie\u0144. S\u0105 one do zabrania przy wyj\u015bciu z ko\u015bcio\u0142a.<\/li>\n<\/ol>\n\n\n\n<ol class=\"wp-block-list\">\n<li>Aujourd\u2019hui, nous commen\u00e7ons la Semaine Sainte. C\u2019est le moment le plus important dans la vie de nous, chr\u00e9tiens &#8211; disciples de J\u00e9sus. Je vous invite \u00e0 vivre chaque jour profond\u00e9ment et consciemment, \u00e0 ne pas vous concentrer uniquement sur les traditions \u2013 elles ne sont pas la chose la plus importante \u2013 elles sont l\u00e0 pour nous aider; \u00e0 ne pas les laisser devenir un but en soi mais un \u00ab tremplin \u00bb vers ce qui est important.<\/li>\n\n\n\n<li><strong>Programme de la Semaine Sainte et de P\u00e2ques<\/strong><\/li>\n<\/ol>\n\n\n\n<ul class=\"wp-block-list\">\n<li>Lundi \u2013 Messe \u00e0 18h30<\/li>\n\n\n\n<li><strong>Mardi<\/strong> \u2013 pas de messe en paroisse \u2013 <strong>Messe Chrismale \u00e0 Blain \u00e0 18h30<\/strong> \u2013 tous les fid\u00e8les sont invit\u00e9s \u00e0 y participer.<\/li>\n\n\n\n<li>Mercredi &#8211; pas de messe dans notre \u00e9glise &#8211; tout \u00e0 Cou\u00ebron Bourg &#8211; 18h00 Adoration, 19h00 Messe <br><br>Le <strong>Triduum Pascal<\/strong> commence jeudi soir \u2013 trois jours au cours desquels nous c\u00e9l\u00e9brons les myst\u00e8res centraux de notre foi :<\/li>\n\n\n\n<li><strong>Jeudi Saint \u2013 Messe de la C\u00e8ne du Seigneur \u00e0 19h00,<\/strong> apr\u00e8s la messe la pri\u00e8re au Reposoir.<\/li>\n\n\n\n<li><strong>Vendredi Saint<\/strong> <strong>\u2013 Liturgie de la Passion du Seigneur \u00e0 19h00<\/strong>, apr\u00e8s la Liturgie la pri\u00e8re au Tombeau.<\/li>\n\n\n\n<li><strong>Samedi Saint<\/strong> \u2013 B\u00e9n\u00e9diction de la nourriture pour la table pascal \u00e0 11h00 et 16h00, <strong>Veill\u00e9e pascale \u00e0 21h30 (la Liturgie la plus importante de toute l&#8217;ann\u00e9e).<\/strong> Nous le commen\u00e7ons devant l&#8217;\u00e9glise avec la b\u00e9n\u00e9diction du feu. Chaque participant recevra une bougie (vous pouvez \u00e9galement apporter les v\u00f4tres). <br><br>Les horaires d\u00e9taill\u00e9s de la veill\u00e9e au Reposoir et au Tombeau du Seigneur J\u00e9sus seront annonc\u00e9s en milieu de semaine sur Facebook et sur le site de la paroisse \u2013 en fonction des personnes inscrites \u00e0 la veill\u00e9e. Je vous invite \u00e0 vous inscrire.<\/li>\n\n\n\n<li><strong>Dimanche et lundi de P\u00e2ques \u2013 Messe \u00e0 11h00.<\/strong><\/li>\n<\/ul>\n\n\n\n<p>3. Confession le lundi et le mercredi avant ou apr\u00e8s la messe, le Jeudi Saint et le Vendredi Saint de pr\u00e9f\u00e9rence apr\u00e8s la Liturgie, et le Samedi Saint apr\u00e8s la b\u00e9n\u00e9diction de la nourriture.<\/p>\n\n\n\n<p>4. Nous vous rappelons que le Vendredi Saint, les personnes \u00e2g\u00e9es de 18 \u00e0 60 ans sont tenues de je\u00fbner strictement.<\/p>\n\n\n\n<ol start=\"5\" class=\"wp-block-list\">\n<li>Il est n\u00e9cessaire d\u2019aider une personne \u00e0 acheter une machine \u00e0 laver. Aujourd&#8217;hui, apr\u00e8s la messe, il y aura une collecte \u00e0 cet effet. Merci!<\/li>\n\n\n\n<li>Nous avons pr\u00e9par\u00e9 une \u00ab feuille paroissiale \u00bb regroupant tous les \u00e9v\u00e9nements qui nous attendent jusqu\u2019\u00e0 la fin de l\u2019ann\u00e9e et un flyer nous invitant \u00e0 la Semaine Sainte. Ceux-ci peuvent \u00eatre r\u00e9cup\u00e9r\u00e9s \u00e0 la sortie de l&#8217;\u00e9glise.<\/li>\n<\/ol>\n","protected":false},"excerpt":{"rendered":"<p>3. Confession le lundi et le mercredi avant ou apr\u00e8s la messe, le Jeudi Saint et le Vendredi Saint de &#8230; <a class=\"cz_readmore\" href=\"https:\/\/pmk-coueron.eu\/index.php\/2025\/04\/12\/ogloszenia-annonces-13-20-04\/\"><i class=\"fa fa-angle-right\" aria-hidden=\"true\"><\/i><span>Wi\u0119cej<\/span><\/a><\/p>\n","protected":false},"author":1,"featured_media":2195,"comment_status":"closed","ping_status":"closed","sticky":false,"template":"","format":"standard","meta":{"_themeisle_gutenberg_block_has_review":false,"footnotes":""},"categories":[1],"tags":[],"class_list":["post-2194","post","type-post","status-publish","format-standard","has-post-thumbnail","hentry","category-aktualnosci"],"_links":{"self":[{"href":"https:\/\/pmk-coueron.eu\/index.php\/wp-json\/wp\/v2\/posts\/2194","targetHints":{"allow":["GET"]}}],"collection":[{"href":"https:\/\/pmk-coueron.eu\/index.php\/wp-json\/wp\/v2\/posts"}],"about":[{"href":"https:\/\/pmk-coueron.eu\/index.php\/wp-json\/wp\/v2\/types\/post"}],"author":[{"embeddable":true,"href":"https:\/\/pmk-coueron.eu\/index.php\/wp-json\/wp\/v2\/users\/1"}],"replies":[{"embeddable":true,"href":"https:\/\/pmk-coueron.eu\/index.php\/wp-json\/wp\/v2\/comments?post=2194"}],"version-history":[{"count":1,"href":"https:\/\/pmk-coueron.eu\/index.php\/wp-json\/wp\/v2\/posts\/2194\/revisions"}],"predecessor-version":[{"id":2196,"href":"https:\/\/pmk-coueron.eu\/index.php\/wp-json\/wp\/v2\/posts\/2194\/revisions\/2196"}],"wp:featuredmedia":[{"embeddable":true,"href":"https:\/\/pmk-coueron.eu\/index.php\/wp-json\/wp\/v2\/media\/2195"}],"wp:attachment":[{"href":"https:\/\/pmk-coueron.eu\/index.php\/wp-json\/wp\/v2\/media?parent=2194"}],"wp:term":[{"taxonomy":"category","embeddable":true,"href":"https:\/\/pmk-coueron.eu\/index.php\/wp-json\/wp\/v2\/categories?post=2194"},{"taxonomy":"post_tag","embeddable":true,"href":"https:\/\/pmk-coueron.eu\/index.php\/wp-json\/wp\/v2\/tags?post=2194"}],"curies":[{"name":"wp","href":"https:\/\/api.w.org\/{rel}","templated":true}]}}