{"id":2332,"date":"2025-11-04T10:42:23","date_gmt":"2025-11-04T09:42:23","guid":{"rendered":"https:\/\/pmk-coueron.eu\/?p=2332"},"modified":"2025-11-04T10:42:24","modified_gmt":"2025-11-04T09:42:24","slug":"ogloszenia-annonces-2-9-11-2025","status":"publish","type":"post","link":"https:\/\/pmk-coueron.eu\/index.php\/2025\/11\/04\/ogloszenia-annonces-2-9-11-2025\/","title":{"rendered":"Og\u0142oszenia\/Annonces 2-9.11.2025"},"content":{"rendered":"\n<ol class=\"wp-block-list\">\n<li>Prze\u017cywamy XXXI Tydzie\u0144 Zwyk\u0142y. W tym tygodniu, we wtorek \u015bw. Karola Boromeusza.<\/li>\n\n\n\n<li><strong>Msza niedzielna w przysz\u0142ym tygodniu w sobot\u0119 (8 listopada) o godz. 18:00.<\/strong><\/li>\n\n\n\n<li><strong>Przed Msz\u0105 w sobot\u0119 \u2013 o godz. 17:30 Wypominki \u2013 R\u00f3\u017caniec z modlitw\u0105 za zmar\u0142ych. <\/strong>Przy wyj\u015bciu wy\u0142o\u017cone s\u0105 kartki na wypominki, kt\u00f3re mo\u017cna sk\u0142ada\u0107 bezpo\u015brednio u ks. \u0141ukasz, lub w zakrystii.<\/li>\n\n\n\n<li>Pami\u0119tajmy o mo\u017cliwo\u015bci zyskiwania odpust\u00f3w za zmar\u0142ych, szczeg\u00f3lnie w tym okresie ale tak\u017ce przez ca\u0142y rok.<\/li>\n\n\n\n<li>Nasi s\u0105siedzi z naprzeciwka prosz\u0105, aby nie parkowa\u0107 na chodniku przed ich domami. Prosz\u0119 zatem o parkowanie troch\u0119 wy\u017cej w miejscach na to wyznaczonych.<\/li>\n\n\n\n<li>Najbli\u017csze spotkanie przy stole z katechez\u0105 dla dzieci b\u0119dzie w niedziel\u0119 16 listopada.<\/li>\n\n\n\n<li>Osoby ch\u0119tne w\u0142\u0105czy\u0107 si\u0119 w przygotowanie i przeprowadzenie kiermaszu Bo\u017conarodzeniowego proszone s\u0105 o kontakt z Justyn\u0105.<\/li>\n\n\n\n<li>Obecnie w naszym ko\u015bciele Msza w tygodniu jest we wtorek o godz. 18:30 z Adoracj\u0105 o godz. 17:30 i R\u00f3\u017ca\u0144cem o godz. 18:00. \u00a0W inne dni odprawiam w ko\u015bcio\u0142ach parafii Saint Hermeland sur Loire. Szczeg\u00f3\u0142owy program naszej i francuskiej parafii w gablocie i na naszej stronie internetowej. <\/li>\n<\/ol>\n\n\n\n<ol class=\"wp-block-list\">\n<li>Nous vivons le XXXIe semaine du Temps ordinaire. Cette semaine, mardi st Charles Borrom\u00e9e.<\/li>\n\n\n\n<li><strong>La messe dominicale de la semaine prochaine aura lieu samedi (8 nov.) \u00e0 18h00.<\/strong><\/li>\n\n\n\n<li><strong>Avant la Messe du samedi prochain \u2013 \u00e0 17h30 pri\u00e8res pour les d\u00e9funts. <\/strong>Des feuilles pour donner les noms de d\u00e9funts sont disponibles \u00e0 la sortie et peuvent \u00eatre d\u00e9pos\u00e9es \u00e0 la sacristie ou au p\u00e8re Lukasz. \u00a0<\/li>\n\n\n\n<li>Pensons \u00e0 la possibilit\u00e9 d\u2019obtenir des indulgences pour les d\u00e9funts, surtout pendant cette p\u00e9riode mais aussi tout au long de l\u2019ann\u00e9e.<\/li>\n\n\n\n<li>Nos voisins d&#8217;en face demandent de ne pas se garer sur le trottoir devant leurs maisons. Je vous prie donc de vous garer un peu plus haut, dans les places qui y sont pr\u00e9vues.<\/li>\n\n\n\n<li>Prochaine rencontre avec le repas partage et la cat\u00e9ch\u00e8se pour les enfants, dimanche 16 novembre.<\/li>\n\n\n\n<li>Personnes d\u00e9sireuses de participer \u00e0 la pr\u00e9paration et \u00e0 l&#8217;organisation du march\u00e9 de No\u00ebl sont pri\u00e9es de contacter Justyna.<\/li>\n\n\n\n<li>Actuellement, dans notre \u00e9glise, la messe en semaine a lieu le mardi \u00e0 18h30 avec Adoration \u00e0 17h30 et le Rosaire \u00e0 18h00. Les autres jours, je c\u00e9l\u00e8bre dans les \u00e9glises de la paroisse Saint Hermeland sur Loire. Le programme d\u00e9taill\u00e9 de notre paroisse et de la paroisse fran\u00e7aise est affich\u00e9 dans le tableau d&#8217;affichage.<\/li>\n<\/ol>\n","protected":false},"excerpt":{"rendered":"","protected":false},"author":1,"featured_media":2334,"comment_status":"closed","ping_status":"closed","sticky":false,"template":"","format":"standard","meta":{"_themeisle_gutenberg_block_has_review":false,"footnotes":""},"categories":[1],"tags":[],"class_list":["post-2332","post","type-post","status-publish","format-standard","has-post-thumbnail","hentry","category-aktualnosci"],"_links":{"self":[{"href":"https:\/\/pmk-coueron.eu\/index.php\/wp-json\/wp\/v2\/posts\/2332","targetHints":{"allow":["GET"]}}],"collection":[{"href":"https:\/\/pmk-coueron.eu\/index.php\/wp-json\/wp\/v2\/posts"}],"about":[{"href":"https:\/\/pmk-coueron.eu\/index.php\/wp-json\/wp\/v2\/types\/post"}],"author":[{"embeddable":true,"href":"https:\/\/pmk-coueron.eu\/index.php\/wp-json\/wp\/v2\/users\/1"}],"replies":[{"embeddable":true,"href":"https:\/\/pmk-coueron.eu\/index.php\/wp-json\/wp\/v2\/comments?post=2332"}],"version-history":[{"count":1,"href":"https:\/\/pmk-coueron.eu\/index.php\/wp-json\/wp\/v2\/posts\/2332\/revisions"}],"predecessor-version":[{"id":2335,"href":"https:\/\/pmk-coueron.eu\/index.php\/wp-json\/wp\/v2\/posts\/2332\/revisions\/2335"}],"wp:featuredmedia":[{"embeddable":true,"href":"https:\/\/pmk-coueron.eu\/index.php\/wp-json\/wp\/v2\/media\/2334"}],"wp:attachment":[{"href":"https:\/\/pmk-coueron.eu\/index.php\/wp-json\/wp\/v2\/media?parent=2332"}],"wp:term":[{"taxonomy":"category","embeddable":true,"href":"https:\/\/pmk-coueron.eu\/index.php\/wp-json\/wp\/v2\/categories?post=2332"},{"taxonomy":"post_tag","embeddable":true,"href":"https:\/\/pmk-coueron.eu\/index.php\/wp-json\/wp\/v2\/tags?post=2332"}],"curies":[{"name":"wp","href":"https:\/\/api.w.org\/{rel}","templated":true}]}}