{"id":2340,"date":"2025-11-12T16:25:27","date_gmt":"2025-11-12T15:25:27","guid":{"rendered":"https:\/\/pmk-coueron.eu\/?p=2340"},"modified":"2025-11-12T16:25:27","modified_gmt":"2025-11-12T15:25:27","slug":"ogloszenia-annonces-9-16-11-2025","status":"publish","type":"post","link":"https:\/\/pmk-coueron.eu\/index.php\/2025\/11\/12\/ogloszenia-annonces-9-16-11-2025\/","title":{"rendered":"Og\u0142oszenia\/Annonces 9-16.11.2025"},"content":{"rendered":"\n<ol class=\"wp-block-list\">\n<li>Prze\u017cywamy XXXII Tydzie\u0144 Zwyk\u0142y. W tym tygodniu, w poniedzia\u0142ek \u015bw. Leona Wielkiego, we wtorek \u015bw. Marcina z Tours, w \u015brod\u0119 \u015bw. Jozafata Kuncewicza.<\/li>\n\n\n\n<li><strong>W najbli\u017csz\u0105 niedziel\u0119 (16 listopada) comiesi\u0119czne spotkanie ze wsp\u00f3lnym posi\u0142kiem i katechez\u0105. Rozpoczynamy Msz\u0105 o godz. 10:30, nast\u0119pnie wsp\u00f3lny czas w sali parafialnej la Chabossiere.<\/strong><\/li>\n\n\n\n<li>W najbli\u017csz\u0105 niedziel\u0119 jeden nasz m\u0142ody parafianin przyjmie sakrament Bierzmowania w parafii St Yves o godz. 10:30. Otaczamy go modlitw\u0105.<\/li>\n\n\n\n<li>We wtorek nie b\u0119dzie Adoracji ani Mszy wieczorem w naszym ko\u015bciele. Msza o godz. 9:30 w Cou\u00ebron Bourg.<\/li>\n\n\n\n<li>W sobot\u0119 o godz. 15:00 Koronka do Bo\u017cego Mi\u0142osierdzia i Adoracja.<\/li>\n\n\n\n<li>Osoby ch\u0119tne w\u0142\u0105czy\u0107 si\u0119 w przygotowanie i przeprowadzenie kiermaszu Bo\u017conarodzeniowego proszone s\u0105 o kontakt z Justyn\u0105.<\/li>\n<\/ol>\n\n\n\n<ol class=\"wp-block-list\">\n<li>Nous vivons le XXXIIe semaine du Temps ordinaire. Cette semaine, lundi saint L\u00e9on le Grand, mardi saint Martin de Tours, et mercredi saint Josaphat.<\/li>\n\n\n\n<li>Dimanche prochain (16 novembre), notre rencontre mensuelle avec le repas partag\u00e9 et la cat\u00e9ch\u00e8se. Nous commencerons par la Messe \u00e0 10h30, suivie d&#8217;un temps de partage dans la salle paroissiale de la Chabossi\u00e8re.<\/li>\n\n\n\n<li>Dimanche prochain, un de nos jeunes paroissiens recevra le sacrement de la Confirmation \u00e0 la paroisse Saint-Yves \u00e0 10h30. Nous prierons pour lui.<\/li>\n\n\n\n<li>Il n&#8217;y aura ni adoration ni messe du soir dans notre \u00e9glise mardi. La messe aura lieu \u00e0 9h30 \u00e0 Cou\u00ebron-Bourg.<\/li>\n\n\n\n<li>Samedi, \u00e0 15h00, chapelet de la Mis\u00e9ricorde Divine et adoration.<\/li>\n\n\n\n<li>Personnes d\u00e9sireuses de participer \u00e0 la pr\u00e9paration et \u00e0 l&#8217;organisation du march\u00e9 de No\u00ebl sont pri\u00e9es de contacter Justyna.<\/li>\n<\/ol>\n","protected":false},"excerpt":{"rendered":"","protected":false},"author":1,"featured_media":2342,"comment_status":"closed","ping_status":"closed","sticky":false,"template":"","format":"standard","meta":{"_themeisle_gutenberg_block_has_review":false,"footnotes":""},"categories":[1],"tags":[],"class_list":["post-2340","post","type-post","status-publish","format-standard","has-post-thumbnail","hentry","category-aktualnosci"],"_links":{"self":[{"href":"https:\/\/pmk-coueron.eu\/index.php\/wp-json\/wp\/v2\/posts\/2340","targetHints":{"allow":["GET"]}}],"collection":[{"href":"https:\/\/pmk-coueron.eu\/index.php\/wp-json\/wp\/v2\/posts"}],"about":[{"href":"https:\/\/pmk-coueron.eu\/index.php\/wp-json\/wp\/v2\/types\/post"}],"author":[{"embeddable":true,"href":"https:\/\/pmk-coueron.eu\/index.php\/wp-json\/wp\/v2\/users\/1"}],"replies":[{"embeddable":true,"href":"https:\/\/pmk-coueron.eu\/index.php\/wp-json\/wp\/v2\/comments?post=2340"}],"version-history":[{"count":1,"href":"https:\/\/pmk-coueron.eu\/index.php\/wp-json\/wp\/v2\/posts\/2340\/revisions"}],"predecessor-version":[{"id":2343,"href":"https:\/\/pmk-coueron.eu\/index.php\/wp-json\/wp\/v2\/posts\/2340\/revisions\/2343"}],"wp:featuredmedia":[{"embeddable":true,"href":"https:\/\/pmk-coueron.eu\/index.php\/wp-json\/wp\/v2\/media\/2342"}],"wp:attachment":[{"href":"https:\/\/pmk-coueron.eu\/index.php\/wp-json\/wp\/v2\/media?parent=2340"}],"wp:term":[{"taxonomy":"category","embeddable":true,"href":"https:\/\/pmk-coueron.eu\/index.php\/wp-json\/wp\/v2\/categories?post=2340"},{"taxonomy":"post_tag","embeddable":true,"href":"https:\/\/pmk-coueron.eu\/index.php\/wp-json\/wp\/v2\/tags?post=2340"}],"curies":[{"name":"wp","href":"https:\/\/api.w.org\/{rel}","templated":true}]}}