{"id":2349,"date":"2025-11-26T15:37:20","date_gmt":"2025-11-26T14:37:20","guid":{"rendered":"https:\/\/pmk-coueron.eu\/?p=2349"},"modified":"2025-11-26T15:37:20","modified_gmt":"2025-11-26T14:37:20","slug":"ogloszenia-annonces-23-30-11-2025","status":"publish","type":"post","link":"https:\/\/pmk-coueron.eu\/index.php\/2025\/11\/26\/ogloszenia-annonces-23-30-11-2025\/","title":{"rendered":"Og\u0142oszenia\/Annonces 23-30.11.2025"},"content":{"rendered":"\n<ol class=\"wp-block-list\">\n<li>Prze\u017cywamy XXXIV Tydzie\u0144 Zwyk\u0142y. Dzi\u015b Uroczysto\u015b\u0107 Chrystusa Kr\u00f3la Wszech\u015bwiata. W tym tygodniu, w poniedzia\u0142ek \u015bw. Andrzeja Dung-Lac i towarzyszy, we wtorek \u015bw. Hermelanda. W przysz\u0142\u0105 niedziel\u0119 rozpoczynamy Adwent.<\/li>\n\n\n\n<li><strong>Za tydzie\u0144 Msza niedzielna w niedziel\u0119 o godz. 10:30.<\/strong><\/li>\n\n\n\n<li>W sobot\u0119 o godz. 15:00 Koronka do Bo\u017cego Mi\u0142osierdzia i Adoracja.<\/li>\n\n\n\n<li>W sobot\u0119 6 grudnia od godz. 14:00 do 18:00 odb\u0119dzie si\u0119 kiermasz Bo\u017conarodzeniowy. To wydarzenie pozwala na promowanie naszej parafii i za ka\u017cdym razem s\u0105 osoby, kt\u00f3re odkrywaj\u0105 nasz ko\u015bci\u00f3\u0142 i nasz\u0105 parafi\u0119. Zach\u0119camy do zapraszania znajomych i rodzin\u0119. Dzi\u0119kujemy wszystkim, kt\u00f3rzy zdeklarowali si\u0119 do pomocy w przeprowadzeniu. Mile widziane s\u0105 nadal osoby, by wzmocni\u0107 ekip\u0119 do nast\u0119puj\u0105cych zada\u0144: roz\u0142o\u017cenie lub\/i z\u0142o\u017cenie namiot\u00f3w, sprzeda\u017c produkt\u00f3w przez czas 1,5 godziny, przygotowanie ciasta lub jakiego\u015b dania na sprzeda\u017c.<\/li>\n\n\n\n<li>W sobot\u0119 10 stycznia planujemy warsztaty muzyczne ze \u015bpiewania kol\u0119d, kt\u00f3re poprowadzi Agnieszka Dziewulska-Paw\u0142owska oraz Katarzyna Szkatu\u0142a. Pani Agnieszka jest wyk\u0142adowc\u0105 na Uniwersytecie Warmi\u0144sko-Mazurskim w Olsztynie. Na wakacjach mieli\u015bmy ju\u017c okazj\u0119 j\u0105 us\u0142ysze\u0107. Aby wzi\u0105\u0107 udzia\u0142 w warsztatach nie potrzeba specjalnych zdolno\u015bci ani znajomo\u015bci j\u0119zyka polskiego, wystarczy ch\u0119\u0107 \u015bpiewania i sp\u0119dzenia mi\u0142o czasu z innymi. Rozpoczynamy wst\u0119pne zapisy. Ch\u0119tnych prosz\u0119 o wpisanie si\u0119 na list\u0119.<\/li>\n\n\n\n<li>Polska Misja Katolicka we Francji zaprasza na <strong>cykl internetowych spotka\u0144 formacyjnych<\/strong> po\u015bwi\u0119conych <em>transformacji\u00a0pastoralnej\u00a0i\u00a0misyjnej<\/em>\u00a0naszych\u00a0wsp\u00f3lnot. Formacja skierowana jest do <strong>wszystkich<\/strong> \u2013 zar\u00f3wno kap\u0142an\u00f3w, jak i os\u00f3b \u015bwieckich. <strong>Dla kogo jest ta formacja i czemu s\u0142u\u017cy?<\/strong><\/li>\n<\/ol>\n\n\n\n<p>\u2022 Czy le\u017cy Ci na sercu dobro Twojej wsp\u00f3lnoty parafialnej?<br>\u2022 Czy pragniesz g\u0142\u0119biej zatroszczy\u0107 si\u0119 o sw\u00f3j rozw\u00f3j duchowy?<br>\u2022 Czy marzysz o wsp\u00f3lnocie, w kt\u00f3rej \u015bwieccy i ksi\u0119\u017ca wsp\u00f3\u0142pracuj\u0105 z rado\u015bci\u0105 i jedno\u015bci\u0105?<br>\u2022 Czy chcesz wsp\u00f3\u0142tworzy\u0107 parafi\u0119, kt\u00f3ra potrafi przyci\u0105ga\u0107 i inspirowa\u0107 innych?<br>\u2022 Czy pragniesz odkry\u0107 dzia\u0142anie Ducha \u015awi\u0119tego we wsp\u00f3lnocie?<br>\u2022 Czy chcia\u0142by\u015b wymienia\u0107 si\u0119 do\u015bwiadczeniami z cz\u0142onkami innych wsp\u00f3lnot?<\/p>\n\n\n\n<p>Je\u015bli cho\u0107 na jedno z nich odpowiedzia\u0142e\u015b\/-\u0142a\u015b \u201etak\u201d, te spotkania s\u0105 w\u0142a\u015bnie dla Ciebie! \u2013 <strong>serdecznie zapraszamy!<\/strong> To wyj\u0105tkowy czas, kt\u00f3ry mo\u017ce odnowi\u0107 zar\u00f3wno Twoj\u0105 wiar\u0119, jak i \u017cycie Twojej wsp\u00f3lnoty parafialnej.<\/p>\n\n\n\n<p>Spotkania odbywa\u0107 si\u0119 b\u0119d\u0105 online, <strong>w drugie czwartki miesi\u0105ca, od godz. 20.00 do 21.00 wykorzystaniem internetowej platformy Zoom<\/strong>. Pierwsze spotkanie 11 grudnia. Formacja jest bezp\u0142atna. <strong>Aby wzi\u0105\u0107 udzia\u0142 nale\u017cy wype\u0142ni\u0107 formularz zg\u0142oszeniowy, kt\u00f3ry znajduje si\u0119 pod kodem QR na ulotkach i\u00a0plakatach, lub pod linkiem: <\/strong><a href=\"https:\/\/tiny.pl\/60ywrzkq\"><strong>https:\/\/tiny.pl\/60ywrzkq<\/strong><\/a><\/p>\n\n\n\n<ol class=\"wp-block-list\">\n<li>Nous vivons le XXXIVe semaine du Temps ordinaire. Aujourd&#8217;hui, solennit\u00e9 de Jesus Christ, Roi de l\u2019univers. Cette semaine, lundi st Andre Dung-Lac et ses compagnons, mardi St Hermeland. Dimanche prochain nous commen\u00e7ons l\u2019Avent.<\/li>\n\n\n\n<li>La semaine prochaine, Messe dominicale dimanche (30 novembre) \u00e0 10h30<\/li>\n\n\n\n<li>Samedi, \u00e0 15h00, chapelet de la Mis\u00e9ricorde Divine et adoration.<\/li>\n\n\n\n<li>Le samedi 6 d\u00e9cembre apr\u00e8s-midi, nous organisons le march\u00e9 de No\u00ebl. Cet \u00e9v\u00e9nement fait conna\u00eetre notre paroisse et, chaque ann\u00e9e, permet \u00e0 de nouvelles personnes de d\u00e9couvrir notre \u00e9glise et notre communaut\u00e9. Nous vous invitons \u00e0 vous inscrire pour les t\u00e2ches suivantes\u00a0: montage et\/ou d\u00e9montage des tentes, vente de produits pendant 1\u00a0h\u00a030, pr\u00e9paration d&#8217;un g\u00e2teau ou d&#8217;un plat \u00e0 vendre<\/li>\n\n\n\n<li>Le samedi 10 janvier, nous organisons l\u2019atelier de chants de No\u00ebl, anim\u00e9 par Agnieszka Dziewulska-Paw\u0142owska et Katarzyna Szkatu\u0142a. Agnieszka est ma\u00eetre de conf\u00e9rences \u00e0 l&#8217;Universit\u00e9 de Warmie-Mazurie \u00e0 Olsztyn. Nous avons d\u00e9j\u00e0 eu le plaisir de l&#8217;entendre chanter pendant les f\u00eates. Pour participer \u00e0 ces ateliers, aucune comp\u00e9tence particuli\u00e8re ni connaissance du polonais ne sont requises\u00a0; il suffit d&#8217;avoir envie de chanter et de passer un bon moment en compagnie d&#8217;autres personnes. Les pr\u00e9inscriptions sont ouvertes. Veuillez-vous inscrire si vous \u00eates int\u00e9ress\u00e9(e).<\/li>\n\n\n\n<li>La Mission catholique polonaise en France organise un cycle de rencontres de formation en visioconf\u00e9rence sur la transformation pastorale et missionnaire \u2013 une fois par mois, le jeudi de 20h \u00e0 21h. Je vous encourage \u00e0 y participer. Plus d&#8217;informations suivront prochainement.<\/li>\n<\/ol>\n","protected":false},"excerpt":{"rendered":"<p>\u2022 Czy le\u017cy Ci na sercu dobro Twojej wsp\u00f3lnoty parafialnej?\u2022 Czy pragniesz g\u0142\u0119biej zatroszczy\u0107 si\u0119 o sw\u00f3j rozw\u00f3j duchowy?\u2022 Czy &#8230; <a class=\"cz_readmore\" href=\"https:\/\/pmk-coueron.eu\/index.php\/2025\/11\/26\/ogloszenia-annonces-23-30-11-2025\/\"><i class=\"fa fa-angle-right\" aria-hidden=\"true\"><\/i><span>Wi\u0119cej<\/span><\/a><\/p>\n","protected":false},"author":1,"featured_media":2351,"comment_status":"closed","ping_status":"closed","sticky":false,"template":"","format":"standard","meta":{"_themeisle_gutenberg_block_has_review":false,"footnotes":""},"categories":[1],"tags":[],"class_list":["post-2349","post","type-post","status-publish","format-standard","has-post-thumbnail","hentry","category-aktualnosci"],"_links":{"self":[{"href":"https:\/\/pmk-coueron.eu\/index.php\/wp-json\/wp\/v2\/posts\/2349","targetHints":{"allow":["GET"]}}],"collection":[{"href":"https:\/\/pmk-coueron.eu\/index.php\/wp-json\/wp\/v2\/posts"}],"about":[{"href":"https:\/\/pmk-coueron.eu\/index.php\/wp-json\/wp\/v2\/types\/post"}],"author":[{"embeddable":true,"href":"https:\/\/pmk-coueron.eu\/index.php\/wp-json\/wp\/v2\/users\/1"}],"replies":[{"embeddable":true,"href":"https:\/\/pmk-coueron.eu\/index.php\/wp-json\/wp\/v2\/comments?post=2349"}],"version-history":[{"count":1,"href":"https:\/\/pmk-coueron.eu\/index.php\/wp-json\/wp\/v2\/posts\/2349\/revisions"}],"predecessor-version":[{"id":2352,"href":"https:\/\/pmk-coueron.eu\/index.php\/wp-json\/wp\/v2\/posts\/2349\/revisions\/2352"}],"wp:featuredmedia":[{"embeddable":true,"href":"https:\/\/pmk-coueron.eu\/index.php\/wp-json\/wp\/v2\/media\/2351"}],"wp:attachment":[{"href":"https:\/\/pmk-coueron.eu\/index.php\/wp-json\/wp\/v2\/media?parent=2349"}],"wp:term":[{"taxonomy":"category","embeddable":true,"href":"https:\/\/pmk-coueron.eu\/index.php\/wp-json\/wp\/v2\/categories?post=2349"},{"taxonomy":"post_tag","embeddable":true,"href":"https:\/\/pmk-coueron.eu\/index.php\/wp-json\/wp\/v2\/tags?post=2349"}],"curies":[{"name":"wp","href":"https:\/\/api.w.org\/{rel}","templated":true}]}}