{"id":2427,"date":"2026-04-25T17:43:16","date_gmt":"2026-04-25T15:43:16","guid":{"rendered":"https:\/\/pmk-coueron.eu\/?p=2427"},"modified":"2026-04-25T17:43:16","modified_gmt":"2026-04-25T15:43:16","slug":"ogloszenia-annonces-26-04-2-05-2026","status":"publish","type":"post","link":"https:\/\/pmk-coueron.eu\/index.php\/2026\/04\/25\/ogloszenia-annonces-26-04-2-05-2026\/","title":{"rendered":"Og\u0142oszenia\/Annonces 26.04-2.05.2026"},"content":{"rendered":"\n<ol class=\"wp-block-list\">\n<li>Dzi\u015b czwarta Niedziela Wielkanocna \u2013 Niedziela Dobrego Pasterza \u2013 Dzie\u0144 modlitw o powo\u0142ania. Pami\u0119tajmy dzi\u015b o modlitwie w tej intencji. We wtorek \u015bw. Ludwika Marii Grinion de Montfort, w \u015brod\u0119 \u015bwi\u0119to \u015bw. Katarzyny ze Sienny, w pi\u0105tek \u015bw. J\u00f3zefa Robotnika.<\/li>\n\n\n\n<li>W czwartek o godz. 20:00 w naszym ko\u015bciele Wiecz\u00f3r Uwielbienia.<\/li>\n\n\n\n<li>W sobot\u0119 o godz. 15:00 Koronka do Bo\u017cego Mi\u0142osierdzia i Adoracja.<\/li>\n\n\n\n<li>Msze w maju:<br>3 maja godz. 10h30<br>10 maja godz. 16h<br>17 maja godz. 10h30 (Pierwsza Komunia)<br>24 maja godz. 10h30<br>31 maja godz. 16h<\/li>\n\n\n\n<li>P\u00f3\u0142 godziny przed ka\u017cd\u0105 Msz\u0105 \u015bwi\u0119t\u0105 mo\u017cliwo\u015b\u0107 skorzystania ze spowiedzi.<\/li>\n\n\n\n<li>Na tyle ko\u015bcio\u0142a wy\u0142o\u017cona jest lista do sprz\u0105tania. Prosz\u0119 aby poczu\u0107 si\u0119 do odpowiedzialno\u015bci i wpisa\u0107 si\u0119. Sprz\u0105tanie b\u0119dzie raz na miesi\u0105c.<\/li>\n<\/ol>\n\n\n\n<ol class=\"wp-block-list\">\n<li>Aujourd&#8217;hui, quatri\u00e8me dimanche de P\u00e2ques \u2013 dimanche du Bon Pasteur \u2013 journ\u00e9e de pri\u00e8re pour les vocations. Portons cette intention dans nos pri\u00e8res aujourd&#8217;hui. Mardi, nous c\u00e9l\u00e9brons saint Louis-Marie Grignion de Montfort, mercredi f\u00eate de sainte Catherine de Sienne et vendredi saint Joseph Travailleur.<\/li>\n\n\n\n<li>Jeudi \u00e0 20h00, soir\u00e9e de louange dans notre \u00e9glise.<\/li>\n\n\n\n<li>Samedi \u00e0 15h., chapelet de la Mis\u00e9ricorde Divine et l\u2019Adoration.<\/li>\n\n\n\n<li>Messes du mois de mai\u00a0:<br>3 mai, 10h30<br>10 mai, 16h00<br>17 mai, 10h30 (Premi\u00e8re communion)<br>24 mai, 10h30<br>31 mai, 16h00<\/li>\n\n\n\n<li>Les confessions sont possibles une demi-heure avant chaque Messe.<\/li>\n\n\n\n<li>Une liste pour le nettoyage de l\u2019\u00e9glise est affich\u00e9e \u00e0 la sortie. Merci de bien vouloir y inscrire votre nom. Le nettoyage aura lieu toutes les quatre semaines.<\/li>\n<\/ol>\n","protected":false},"excerpt":{"rendered":"","protected":false},"author":1,"featured_media":2429,"comment_status":"closed","ping_status":"closed","sticky":false,"template":"","format":"standard","meta":{"_themeisle_gutenberg_block_has_review":false,"footnotes":""},"categories":[1],"tags":[],"class_list":["post-2427","post","type-post","status-publish","format-standard","has-post-thumbnail","hentry","category-aktualnosci"],"_links":{"self":[{"href":"https:\/\/pmk-coueron.eu\/index.php\/wp-json\/wp\/v2\/posts\/2427","targetHints":{"allow":["GET"]}}],"collection":[{"href":"https:\/\/pmk-coueron.eu\/index.php\/wp-json\/wp\/v2\/posts"}],"about":[{"href":"https:\/\/pmk-coueron.eu\/index.php\/wp-json\/wp\/v2\/types\/post"}],"author":[{"embeddable":true,"href":"https:\/\/pmk-coueron.eu\/index.php\/wp-json\/wp\/v2\/users\/1"}],"replies":[{"embeddable":true,"href":"https:\/\/pmk-coueron.eu\/index.php\/wp-json\/wp\/v2\/comments?post=2427"}],"version-history":[{"count":1,"href":"https:\/\/pmk-coueron.eu\/index.php\/wp-json\/wp\/v2\/posts\/2427\/revisions"}],"predecessor-version":[{"id":2430,"href":"https:\/\/pmk-coueron.eu\/index.php\/wp-json\/wp\/v2\/posts\/2427\/revisions\/2430"}],"wp:featuredmedia":[{"embeddable":true,"href":"https:\/\/pmk-coueron.eu\/index.php\/wp-json\/wp\/v2\/media\/2429"}],"wp:attachment":[{"href":"https:\/\/pmk-coueron.eu\/index.php\/wp-json\/wp\/v2\/media?parent=2427"}],"wp:term":[{"taxonomy":"category","embeddable":true,"href":"https:\/\/pmk-coueron.eu\/index.php\/wp-json\/wp\/v2\/categories?post=2427"},{"taxonomy":"post_tag","embeddable":true,"href":"https:\/\/pmk-coueron.eu\/index.php\/wp-json\/wp\/v2\/tags?post=2427"}],"curies":[{"name":"wp","href":"https:\/\/api.w.org\/{rel}","templated":true}]}}