{"id":977,"date":"2022-11-25T21:06:42","date_gmt":"2022-11-25T20:06:42","guid":{"rendered":"https:\/\/pmk-coueron.eu\/?p=977"},"modified":"2022-11-25T21:34:08","modified_gmt":"2022-11-25T20:34:08","slug":"angers-kiermasz-swiateczny-w-parafii-sw-jozefa","status":"publish","type":"post","link":"https:\/\/pmk-coueron.eu\/index.php\/2022\/11\/25\/angers-kiermasz-swiateczny-w-parafii-sw-jozefa\/","title":{"rendered":"Angers: kiermasz \u015bwi\u0105teczny w parafii \u015bw. J\u00f3zefa"},"content":{"rendered":"\n<p>W ten weekend (26-27 listopada) odb\u0119dzie si\u0119 kiermasz \u015bwi\u0105teczny w parafii \u015bw. J\u00f3zefa, w kt\u00f3rym swoje stoisko maja te\u017c nasze Rodaczki. B\u0119dzie mo\u017cna kupi\u0107 r\u0119kodzie\u0142o takie jak ozdoby \u015bwi\u0105teczne, kartki okoliczno\u015bciowe, a tak\u017ce specja\u0142y kulinarne! Zebrane pieni\u0105dze zostan\u0105 przekazane na parafialne cele charytatywne. Ostatnia w tym roku Msza \u015bwi\u0119ta w j\u0119zyku polskim zaplanowana jest na 10 grudnia o godz. 16:00<br><br>szczeg\u00f3\u0142y <a href=\"https:\/\/saintjoseph.diocese49.org\/marche-de-noel-de-la-paroisse-\">saintjoseph.diocese49.org<\/a><br><\/p>\n\n\n\n<p>info: Aneta Domian-Guignard<\/p>\n","protected":false},"excerpt":{"rendered":"<p>W ten weekend (26-27 listopada) odb\u0119dzie si\u0119 kiermasz \u015bwi\u0105teczny w parafii \u015bw. J\u00f3zefa, w kt\u00f3rym swoje stoisko maja te\u017c nasze &#8230; <a class=\"cz_readmore\" href=\"https:\/\/pmk-coueron.eu\/index.php\/2022\/11\/25\/angers-kiermasz-swiateczny-w-parafii-sw-jozefa\/\"><i class=\"fa fa-angle-right\" aria-hidden=\"true\"><\/i><span>Wi\u0119cej<\/span><\/a><\/p>\n","protected":false},"author":1,"featured_media":978,"comment_status":"closed","ping_status":"closed","sticky":false,"template":"","format":"standard","meta":{"_themeisle_gutenberg_block_has_review":false,"footnotes":""},"categories":[1,19],"tags":[],"class_list":["post-977","post","type-post","status-publish","format-standard","has-post-thumbnail","hentry","category-aktualnosci","category-angers"],"_links":{"self":[{"href":"https:\/\/pmk-coueron.eu\/index.php\/wp-json\/wp\/v2\/posts\/977","targetHints":{"allow":["GET"]}}],"collection":[{"href":"https:\/\/pmk-coueron.eu\/index.php\/wp-json\/wp\/v2\/posts"}],"about":[{"href":"https:\/\/pmk-coueron.eu\/index.php\/wp-json\/wp\/v2\/types\/post"}],"author":[{"embeddable":true,"href":"https:\/\/pmk-coueron.eu\/index.php\/wp-json\/wp\/v2\/users\/1"}],"replies":[{"embeddable":true,"href":"https:\/\/pmk-coueron.eu\/index.php\/wp-json\/wp\/v2\/comments?post=977"}],"version-history":[{"count":4,"href":"https:\/\/pmk-coueron.eu\/index.php\/wp-json\/wp\/v2\/posts\/977\/revisions"}],"predecessor-version":[{"id":994,"href":"https:\/\/pmk-coueron.eu\/index.php\/wp-json\/wp\/v2\/posts\/977\/revisions\/994"}],"wp:featuredmedia":[{"embeddable":true,"href":"https:\/\/pmk-coueron.eu\/index.php\/wp-json\/wp\/v2\/media\/978"}],"wp:attachment":[{"href":"https:\/\/pmk-coueron.eu\/index.php\/wp-json\/wp\/v2\/media?parent=977"}],"wp:term":[{"taxonomy":"category","embeddable":true,"href":"https:\/\/pmk-coueron.eu\/index.php\/wp-json\/wp\/v2\/categories?post=977"},{"taxonomy":"post_tag","embeddable":true,"href":"https:\/\/pmk-coueron.eu\/index.php\/wp-json\/wp\/v2\/tags?post=977"}],"curies":[{"name":"wp","href":"https:\/\/api.w.org\/{rel}","templated":true}]}}